{"id":16206,"date":"2026-04-21T11:04:35","date_gmt":"2026-04-21T11:04:35","guid":{"rendered":"https:\/\/hortadamaria.com\/?p=16206"},"modified":"2026-04-21T11:04:37","modified_gmt":"2026-04-21T11:04:37","slug":"como-selecionamos-frutas-e-legumes-com-padrao-de-exportacao","status":"publish","type":"post","link":"https:\/\/hortadamaria.com\/en\/como-selecionamos-frutas-e-legumes-com-padrao-de-exportacao\/","title":{"rendered":"Como Selecionamos Frutas e Legumes com Padr\u00e3o de Exporta\u00e7\u00e3o"},"content":{"rendered":"<h2 class=\"wp-block-heading\">O que faz a diferen\u00e7a n\u00e3o \u00e9 s\u00f3 a origem \u2014 \u00e9 a forma como escolhemos<\/h2>\n\n\n\n<p>Na Horta da Maria, a qualidade n\u00e3o \u00e9 um acaso. \u00c9 um processo.<\/p>\n\n\n\n<p>Muito antes da fruta chegar ao teu cabaz, h\u00e1 um trabalho de sele\u00e7\u00e3o que come\u00e7a no campo \u2014 e segue crit\u00e9rios exigentes, inspirados em padr\u00f5es de exporta\u00e7\u00e3o.<\/p>\n\n\n\n<h3 class=\"wp-block-heading\">Uma origem que define o nosso padr\u00e3o<\/h3>\n\n\n\n<p>Um dos fundadores da Horta da Maria vem de uma fam\u00edlia de produtores de ma\u00e7\u00e3 e de pera Rocha, aqui na regi\u00e3o Oeste, nas Caldas da Rainha.<\/p>\n\n\n\n<p>Durante mais de uma d\u00e9cada, essa produ\u00e7\u00e3o foi direcionada ao mercado alem\u00e3o \u2014 um dos mais exigentes da Europa.<\/p>\n\n\n\n<p><strong>Isso significa trabalhar com:<\/strong><\/p>\n\n\n\n<ul class=\"wp-block-list\">\n<li>Crit\u00e9rios rigorosos de sele\u00e7\u00e3o<\/li>\n\n\n\n<li>Controlo de matura\u00e7\u00e3o<\/li>\n\n\n\n<li>Consist\u00eancia de calibre e sabor<\/li>\n\n\n\n<li>Processos definidos para garantir qualidade em cada lote<\/li>\n<\/ul>\n\n\n\n<p>Mas h\u00e1 um detalhe importante:<\/p>\n\n\n\n<p>N\u00e3o \u00e9 uma m\u00e1quina que decide. \u00c9 o olhar de quem conhece a fruta \u2014 de quem sabe distinguir o ponto certo. Aquele momento em que a fruta j\u00e1 n\u00e3o &#8220;promete&#8221;\u2026 cumpre.<\/p>\n\n\n\n<p>Este n\u00e3o \u00e9 o padr\u00e3o do mercado interno. Mas \u00e9 o padr\u00e3o que adot\u00e1mos.<\/p>\n\n\n\n<h3 class=\"wp-block-heading\">Sele\u00e7\u00e3o: n\u00e3o escolhemos tudo \u2014 escolhemos o melhor<\/h3>\n\n\n\n<p>Ao contr\u00e1rio dos grandes distribuidores, que trabalham com volume e uniformiza\u00e7\u00e3o, n\u00f3s trabalhamos com proximidade e crit\u00e9rio.<\/p>\n\n\n\n<p>Estamos no oeste. E isso permite-nos algo raro:<\/p>\n\n\n\n<ul class=\"wp-block-list\">\n<li>Acesso direto a pequenos produtores locais<\/li>\n\n\n\n<li>Produ\u00e7\u00f5es menos intensivas<\/li>\n\n\n\n<li>Colheitas mais pr\u00f3ximas do ponto ideal<\/li>\n<\/ul>\n\n\n\n<p>E quando falamos em qualidade, n\u00e3o \u00e9 s\u00f3 apar\u00eancia. Trabalhamos com crit\u00e9rios como do\u00e7ura natural (brix) e firmeza \u2014 os mesmos que encontras em mercados exigentes como Berlim ou Munique.<\/p>\n\n\n\n<p>N\u00e3o procuramos quantidade. Procuramos consist\u00eancia de sabor.<\/p>\n\n\n\n<h3 class=\"wp-block-heading\">Frescura real: do campo para o cabaz<\/h3>\n\n\n\n<p>A proximidade com os produtores permite reduzir o intervalo entre a colheita e a entrega.<\/p>\n\n\n\n<p>E isso faz toda a diferen\u00e7a:<\/p>\n\n\n\n<ul class=\"wp-block-list\">\n<li>Mais frescura<\/li>\n\n\n\n<li>Melhor textura<\/li>\n\n\n\n<li>Maior intensidade de sabor<\/li>\n\n\n\n<li>Menor necessidade de conserva\u00e7\u00e3o prolongada<\/li>\n<\/ul>\n\n\n\n<p>\u00c9 por isso que muitos clientes dizem:<\/p>\n\n\n\n<p><em>&#8220;Antes a fruta ficava. Agora desaparece.&#8221;<\/em><\/p>\n\n\n\n<h3 class=\"wp-block-heading\">Porque n\u00e3o seguimos o modelo dos grandes abastecedores<\/h3>\n\n\n\n<p>Os grandes operadores priorizam escala. N\u00f3s n\u00e3o vendemos volume \u2014 entregamos o melhor momento da colheita.<\/p>\n\n\n\n<p>Enquanto cadeias de abastecimento mais longas exigem:<\/p>\n\n\n\n<ul class=\"wp-block-list\">\n<li>Colheita antecipada<\/li>\n\n\n\n<li>Armazenamento prolongado<\/li>\n\n\n\n<li>Padroniza\u00e7\u00e3o para transporte<\/li>\n<\/ul>\n\n\n\n<p>N\u00f3s trabalhamos com:<\/p>\n\n\n\n<ul class=\"wp-block-list\">\n<li>Colheita mais pr\u00f3xima do consumo<\/li>\n\n\n\n<li>Menor tempo de armazenamento<\/li>\n\n\n\n<li>Sele\u00e7\u00e3o baseada em sabor, n\u00e3o apenas apar\u00eancia<\/li>\n<\/ul>\n\n\n\n<h2 class=\"wp-block-heading\">O que isto significa para ti<\/h2>\n\n\n\n<p>Quando recebes um cabaz da Horta da Maria, n\u00e3o est\u00e1s apenas a comprar fruta e legumes.<\/p>\n\n\n\n<p>Est\u00e1s a receber:<\/p>\n\n\n\n<ul class=\"wp-block-list\">\n<li>Produtos escolhidos com crit\u00e9rios exigentes<\/li>\n\n\n\n<li>Frescura real<\/li>\n\n\n\n<li>Sabor consistente<\/li>\n<\/ul>\n\n\n\n<p>\u00c9 isso que transforma o consumo no dia a dia.<\/p>\n\n\n\n<h3 class=\"wp-block-heading\">Quando a diferen\u00e7a se sente<\/h3>\n\n\n\n<p>Temos recebido feedback recorrente de empresas e fam\u00edlias:<\/p>\n\n\n\n<p>A fruta que antes era desperdi\u00e7ada agora \u00e9 consumida em poucas horas.<\/p>\n\n\n\n<p>N\u00e3o \u00e9 por acaso. \u00c9 o resultado de um processo pensado de ponta a ponta.<\/p>\n\n\n\n<h3 class=\"wp-block-heading\">Experimenta e tira as tuas pr\u00f3prias conclus\u00f5es<\/h3>\n\n\n\n<p>A melhor forma de perceber a diferen\u00e7a\u2026 \u00e9 provar.<\/p>\n\n\n\n<ul class=\"wp-block-list\">\n<li>Experimenta um cabaz da Horta da Maria, e descobre o que muda quando a sele\u00e7\u00e3o \u00e9 feita com crit\u00e9rio<\/li>\n<\/ul>\n\n\n\n<p><strong>Horta da Maria \u2014 A diferen\u00e7a est\u00e1 no sabor. E quem prova, comprova!<\/strong><\/p>","protected":false},"excerpt":{"rendered":"<p>Do campo \u00e0 tua mesa: como selecionamos frutas e legumes com padr\u00e3o de exporta\u00e7\u00e3o para garantir frescura e sabor.<\/p>","protected":false},"author":1,"featured_media":16207,"comment_status":"open","ping_status":"closed","sticky":false,"template":"","format":"standard","meta":{"_jetpack_memberships_contains_paid_content":false,"footnotes":""},"categories":[72],"tags":[],"class_list":["post-16206","post","type-post","status-publish","format-standard","has-post-thumbnail","hentry","category-bastidores-e-historias-dos-produtores"],"aioseo_notices":[],"jetpack_featured_media_url":"https:\/\/i0.wp.com\/hortadamaria.com\/wp-content\/uploads\/2026\/04\/Horta-da-Maria-Como-Selecionamos-Fruta-e-Legumes-com-Padrao-de-Exportacao.jpg?fit=1200%2C630&ssl=1","jetpack_sharing_enabled":true,"_links":{"self":[{"href":"https:\/\/hortadamaria.com\/en\/wp-json\/wp\/v2\/posts\/16206","targetHints":{"allow":["GET"]}}],"collection":[{"href":"https:\/\/hortadamaria.com\/en\/wp-json\/wp\/v2\/posts"}],"about":[{"href":"https:\/\/hortadamaria.com\/en\/wp-json\/wp\/v2\/types\/post"}],"author":[{"embeddable":true,"href":"https:\/\/hortadamaria.com\/en\/wp-json\/wp\/v2\/users\/1"}],"replies":[{"embeddable":true,"href":"https:\/\/hortadamaria.com\/en\/wp-json\/wp\/v2\/comments?post=16206"}],"version-history":[{"count":1,"href":"https:\/\/hortadamaria.com\/en\/wp-json\/wp\/v2\/posts\/16206\/revisions"}],"predecessor-version":[{"id":16209,"href":"https:\/\/hortadamaria.com\/en\/wp-json\/wp\/v2\/posts\/16206\/revisions\/16209"}],"wp:featuredmedia":[{"embeddable":true,"href":"https:\/\/hortadamaria.com\/en\/wp-json\/wp\/v2\/media\/16207"}],"wp:attachment":[{"href":"https:\/\/hortadamaria.com\/en\/wp-json\/wp\/v2\/media?parent=16206"}],"wp:term":[{"taxonomy":"category","embeddable":true,"href":"https:\/\/hortadamaria.com\/en\/wp-json\/wp\/v2\/categories?post=16206"},{"taxonomy":"post_tag","embeddable":true,"href":"https:\/\/hortadamaria.com\/en\/wp-json\/wp\/v2\/tags?post=16206"}],"curies":[{"name":"wp","href":"https:\/\/api.w.org\/{rel}","templated":true}]}}